{"id":1310,"date":"2025-09-15T16:02:08","date_gmt":"2025-09-15T15:02:08","guid":{"rendered":"https:\/\/aarhusstrandjagtforening.dk\/?p=1310"},"modified":"2025-09-15T16:02:08","modified_gmt":"2025-09-15T15:02:08","slug":"en-opdatering-paa-foreningsbaaden","status":"publish","type":"post","link":"https:\/\/aarhusstrandjagtforening.dk\/?p=1310","title":{"rendered":"En opdatering p\u00e5 foreningsb\u00e5den"},"content":{"rendered":"\n<p>I g\u00e5r s\u00f8ndag er b\u00e5den blevet sat p\u00e5 klodser, vi har markeret vandlinjen og slebet bunden, s\u00e5 den er klar til primer og bundmaling. Jeg glemte desv\u00e6rre at tage billeder, men det var fedt, at vi var flere, der hjalp.<\/p>\n\n\n\n<p>Der er i alt 6 arbejdsopgaver tilbage, som beskrives herunder:<\/p>\n\n\n\n<p>4 x <a><\/a>Primer<\/p>\n\n\n\n<p>B\u00e5den skal have fire lag primer, fordelt p\u00e5 fire s\u00e6t b\u00f8tter i denne r\u00e6kkef\u00f8lge:<\/p>\n\n\n\n<p>\u2022 f\u00f8rste lag: Gr\u00e5<\/p>\n\n\n\n<p>\u2022 andet lag: Gr\u00f8n<\/p>\n\n\n\n<p>\u2022 tredje lag: Gr\u00e5<\/p>\n\n\n\n<p>\u2022 fjerde lag: Gr\u00f8n<\/p>\n\n\n\n<p>R\u00e6kkef\u00f8lgen st\u00e5r ogs\u00e5 skrevet p\u00e5 l\u00e5get af b\u00f8tterne, s\u00e5 der burde ikke v\u00e6re tvivl om, hvilken der skal bruges.<\/p>\n\n\n\n<p>2 x Bundmaling<\/p>\n\n\n\n<p>Der er k\u00f8bt \u00e9n b\u00f8tte bundmaling, og b\u00e5den skal have to lag.<\/p>\n\n\n\n<p>Forslag til arbejdsdage:<\/p>\n\n\n\n<p>Da primer og bundmaling har t\u00f8rretid, er planen \u00e9n opgave pr. dag. Datoerne herunder passer ind i min kalender, men man m\u00e5 gerne tage initiativ til at udf\u00f8re en opgave p\u00e5 andre dage \u2013 skriv det blot tydeligt i kommentarfeltet, s\u00e5 alle ved, hvor vi er n\u00e5et til.<\/p>\n\n\n\n<p>\u2022 Tirsdag d. 16\/9: F\u00f8rste lag primer (gr\u00e5)<\/p>\n\n\n\n<p>\u2022 Onsdag d. 17\/9: Andet lag primer (gr\u00f8n)<\/p>\n\n\n\n<p>\u2022 Mandag d. 22\/9: Tredje lag primer (gr\u00e5)<\/p>\n\n\n\n<p>\u2022 Tirsdag d. 23\/9: Fjerde lag primer (gr\u00f8n)<\/p>\n\n\n\n<p>\u2022 Onsdag d. 24\/9: F\u00f8rste lag bundmaling<\/p>\n\n\n\n<p>\u2022 Torsdag d. 25\/9: Andet lag bundmaling<\/p>\n\n\n\n<p>Udstyr:<\/p>\n\n\n\n<p>\u2022 6 malerbakker (brug plastikposer, s\u00e5 de kan genbruges)<\/p>\n\n\n\n<p>\u2022 6 malerruller (kan sk\u00e6res over, s\u00e5 flere kan male ad gangen)<\/p>\n\n\n\n<p>\u2022 3 pensler (brug kun hvis rullerne ikke kan bruges, og informer hvis vi mangler flere.<\/p>\n\n\n\n<p>\u2022 4 x primerb\u00f8tter (hver best\u00e5r af en stor og en lille d\u00e5se, som blandes i en blandeb\u00f8tte, inden de h\u00e6ldes i malerbakkerne \u2013 undg\u00e5 at piske luftbobler i n\u00e5r det blandes, og lad det st\u00e5 i 10 min, s\u00e5 luftbobler driver til tops)<\/p>\n\n\n\n<p>\u2022 1 b\u00f8tte bundmaling<\/p>\n\n\n\n<p>Sikkerhed:<\/p>\n\n\n\n<p>Der er indk\u00f8bt malerdragter, sikkerhedsbriller, \u00e5ndedr\u00e6tsv\u00e6rn og nitrilhandsker, som vi opfordrer alle til at bruge. Hvis dragter og briller kan genbruges, l\u00e6gges de blot tilbage.<\/p>\n\n\n\n<p>Primeren er meget krads \u2013 pas p\u00e5 hud og \u00f8jne, og fors\u00f8g at male i medvind, s\u00e5 lugten bl\u00e6ses v\u00e6k fra ansigtet. Har du selv sikkerhedsudstyr, m\u00e5 du gerne tage det med.<\/p>\n\n\n\n<p>Praktisk:<\/p>\n\n\n\n<p>\u2022 Alt materiale ligger i den gamle foreningsb\u00e5d, da den er mindre tiltalende for en tyv at kigge i, end den nye.<\/p>\n\n\n\n<p>\u2022 Genbrugeligt udstyr l\u00e6gges tilbage d\u00e9r.<\/p>\n\n\n\n<p>\u2022 Alt, der ikke kan genbruges, smides i skraldespandene ved det store sorte skur ved arbejdsomr\u00e5det.<\/p>\n\n\n\n<p>Fremadrettet:<\/p>\n\n\n\n<p>Mandag eller tirsdag i uge 40 kommer b\u00e5den i vandet.<\/p>\n\n\n\n<p>I den forbindelse afholder vi sandsynligvis b\u00e5de det f\u00f8rste sikkerhedskursus og intro til b\u00e5den, s\u00e5 flest mulig er klar til s\u00e6sonstart \u2013 mere info f\u00f8lger.<\/p>\n\n\n\n<p>Mangler jeg at give nogle informationer, eller har du sp\u00f8rgsm\u00e5l, s\u00e5 skriv endelig!<\/p>\n\n\n\n<p>Med venlig hilsen Asbj\u00f8rn Mogensen, tlf 23 6993 68, email: asbjornmogensen@hotmail.com<\/p>\n\n\n\n<p><\/p>\n","protected":false},"excerpt":{"rendered":"<p>I g\u00e5r s\u00f8ndag er b\u00e5den blevet sat p\u00e5 klodser, vi har markeret vandlinjen og slebet bunden, s\u00e5 den er klar til primer og bundmaling. Jeg glemte desv\u00e6rre at tage billeder, men det var fedt, at vi var flere, der hjalp. &hellip; <a href=\"https:\/\/aarhusstrandjagtforening.dk\/?p=1310\">L\u00e6s resten <span class=\"meta-nav\">&rarr;<\/span><\/a><\/p>\n","protected":false},"author":8,"featured_media":0,"comment_status":"closed","ping_status":"closed","sticky":false,"template":"","format":"standard","meta":{"footnotes":""},"categories":[1],"tags":[],"class_list":["post-1310","post","type-post","status-publish","format-standard","hentry","category-medlemsinfo"],"_links":{"self":[{"href":"https:\/\/aarhusstrandjagtforening.dk\/index.php?rest_route=\/wp\/v2\/posts\/1310","targetHints":{"allow":["GET"]}}],"collection":[{"href":"https:\/\/aarhusstrandjagtforening.dk\/index.php?rest_route=\/wp\/v2\/posts"}],"about":[{"href":"https:\/\/aarhusstrandjagtforening.dk\/index.php?rest_route=\/wp\/v2\/types\/post"}],"author":[{"embeddable":true,"href":"https:\/\/aarhusstrandjagtforening.dk\/index.php?rest_route=\/wp\/v2\/users\/8"}],"replies":[{"embeddable":true,"href":"https:\/\/aarhusstrandjagtforening.dk\/index.php?rest_route=%2Fwp%2Fv2%2Fcomments&post=1310"}],"version-history":[{"count":1,"href":"https:\/\/aarhusstrandjagtforening.dk\/index.php?rest_route=\/wp\/v2\/posts\/1310\/revisions"}],"predecessor-version":[{"id":1311,"href":"https:\/\/aarhusstrandjagtforening.dk\/index.php?rest_route=\/wp\/v2\/posts\/1310\/revisions\/1311"}],"wp:attachment":[{"href":"https:\/\/aarhusstrandjagtforening.dk\/index.php?rest_route=%2Fwp%2Fv2%2Fmedia&parent=1310"}],"wp:term":[{"taxonomy":"category","embeddable":true,"href":"https:\/\/aarhusstrandjagtforening.dk\/index.php?rest_route=%2Fwp%2Fv2%2Fcategories&post=1310"},{"taxonomy":"post_tag","embeddable":true,"href":"https:\/\/aarhusstrandjagtforening.dk\/index.php?rest_route=%2Fwp%2Fv2%2Ftags&post=1310"}],"curies":[{"name":"wp","href":"https:\/\/api.w.org\/{rel}","templated":true}]}}